{"id":1010,"date":"2015-09-15T18:10:48","date_gmt":"2015-09-15T16:10:48","guid":{"rendered":"http:\/\/annalubinski.com\/blog\/?p=1010"},"modified":"2019-05-28T10:11:45","modified_gmt":"2019-05-28T08:11:45","slug":"portrait-de-famille-illustre-kadri-darrell-leanora-et-esmee","status":"publish","type":"post","link":"http:\/\/annalubinski.com\/blog\/portrait-de-famille-illustre-kadri-darrell-leanora-et-esmee\/","title":{"rendered":"Portrait de famille illustr\u00e9: Kadri, Darrell, Leanora et Esm\u00e9e."},"content":{"rendered":"<h2>L&rsquo;\u00e9tape par \u00e9tape en gif anim\u00e9 du portrait de famille illustr\u00e9:<br \/>\n<em>The step by step in animated gif of the illustrated family portrait:<\/em><\/h2>\n<p><img decoding=\"async\" loading=\"lazy\" class=\"aligncenter wp-image-1012 size-full\" src=\"http:\/\/annalubinski.com\/blog\/wp-content\/uploads\/2015\/09\/kadri-family-portait-wip.gif\" alt=\"Anna Lubinski - Illustration - Family portrait\" width=\"333\" height=\"500\" \/><span data-reactid=\".7.0.1.0.1.0.0.1.0.0.0.0.1.2:1\"><span data-reactid=\".7.0.1.0.1.0.0.1.0.0.0.0.1.2:1.$text0:0:$text0:0\">Bonjour \u00e0 toutes et \u00e0 tous!<\/span><\/span><\/p>\n<p><span data-reactid=\".7.0.1.0.1.0.0.1.0.0.0.0.1.2:1\"><span data-reactid=\".7.0.1.0.1.0.0.1.0.0.0.0.1.2:1.$text0:0:$text0:0\">J\u2019esp\u00e8re que vous allez tous bien. Je reviens avec un nouveau portrait de famille illustr\u00e9 que j&rsquo;ai r\u00e9alis\u00e9 cet \u00e9t\u00e9. Si vous me suivez sur les r\u00e9seaux sociaux, vous avez d\u00fb voir passer quelques aper\u00e7us du travail en cours. Comme d&rsquo;habitude, j&rsquo;ai fait un tr\u00e8s gros travail sur tous les d\u00e9tails. J&rsquo;ai h\u00e2te de voir le r\u00e9sultat encadr\u00e9 et accroch\u00e9.<br \/>\n<\/span><\/span><br \/>\nSur ce, je vous souhaite une excellente semaine!<\/p>\n<p><span class=\"sCaption\" data-reactid=\".4.0.1.0.1.0.0.1.0.0.0:0.1.2:1\"><span data-reactid=\".4.0.1.0.1.0.0.1.0.0.0:0.1.2:1.$text0:0:$text0:0\">A bient\u00f4t!<\/span><\/span><\/p>\n<p>Retrouvez-moi sur les r\u00e9seaux sociaux! Facebook, Twitter, Hellocoton et Instagram.<br \/>\n<em><br \/>\nHello to you all!<\/em><\/p>\n<p><em>I hope you are all well. I&rsquo;m back with a new family portrait which I&rsquo;ve done this summer. If you follow me on social networks, you must have seen a few glimpses of the job. As usual, I did a lot of work on all the details. I look forward to see the framed and hung result.<br \/>\n<\/em><\/p>\n<p><em>With that, I wish you a really nice week!<\/em><\/p>\n<p><em>See you soon!<\/em><\/p>\n<p><em>Find me on social networks! Facebook, Twitter, Hellocoton and Instagram.<\/em><\/p>\n<p><span style=\"border-radius: 2px; text-indent: 20px; width: auto; padding: 0px 4px 0px 0px; text-align: center; font: bold 11px\/20px 'Helvetica Neue',Helvetica,sans-serif; color: #ffffff; background: #bd081c no-repeat scroll 3px 50% \/ 14px 14px; position: absolute; opacity: 1; z-index: 8675309; display: none; cursor: pointer; top: 105px; left: 174px;\">Enregistrer<\/span><\/p>\n<p><span style=\"border-radius: 2px; text-indent: 20px; width: auto; padding: 0px 4px 0px 0px; text-align: center; font: bold 11px\/20px 'Helvetica Neue',Helvetica,sans-serif; color: #ffffff; background: #bd081c no-repeat scroll 3px 50% \/ 14px 14px; position: absolute; opacity: 1; z-index: 8675309; display: none; cursor: pointer;\">Enregistrer<\/span><\/p>\n<p><span style=\"border-radius: 2px; text-indent: 20px; width: auto; padding: 0px 4px 0px 0px; text-align: center; font: bold 11px\/20px 'Helvetica Neue',Helvetica,sans-serif; color: #ffffff; background: #bd081c  no-repeat scroll 3px 50% \/ 14px 14px; position: absolute; opacity: 1; z-index: 8675309; display: none; cursor: pointer; top: 266px; left: 266px;\">Enregistrer<\/span><\/p>\n","protected":false},"excerpt":{"rendered":"<p>L&rsquo;\u00e9tape par \u00e9tape en gif anim\u00e9 du portrait de famille illustr\u00e9: The step by step in animated gif [&hellip;]<\/p>\n","protected":false},"author":1,"featured_media":2098,"comment_status":"open","ping_status":"open","sticky":false,"template":"","format":"standard","meta":[],"categories":[24,22],"tags":[],"_links":{"self":[{"href":"http:\/\/annalubinski.com\/blog\/wp-json\/wp\/v2\/posts\/1010"}],"collection":[{"href":"http:\/\/annalubinski.com\/blog\/wp-json\/wp\/v2\/posts"}],"about":[{"href":"http:\/\/annalubinski.com\/blog\/wp-json\/wp\/v2\/types\/post"}],"author":[{"embeddable":true,"href":"http:\/\/annalubinski.com\/blog\/wp-json\/wp\/v2\/users\/1"}],"replies":[{"embeddable":true,"href":"http:\/\/annalubinski.com\/blog\/wp-json\/wp\/v2\/comments?post=1010"}],"version-history":[{"count":12,"href":"http:\/\/annalubinski.com\/blog\/wp-json\/wp\/v2\/posts\/1010\/revisions"}],"predecessor-version":[{"id":2602,"href":"http:\/\/annalubinski.com\/blog\/wp-json\/wp\/v2\/posts\/1010\/revisions\/2602"}],"wp:featuredmedia":[{"embeddable":true,"href":"http:\/\/annalubinski.com\/blog\/wp-json\/wp\/v2\/media\/2098"}],"wp:attachment":[{"href":"http:\/\/annalubinski.com\/blog\/wp-json\/wp\/v2\/media?parent=1010"}],"wp:term":[{"taxonomy":"category","embeddable":true,"href":"http:\/\/annalubinski.com\/blog\/wp-json\/wp\/v2\/categories?post=1010"},{"taxonomy":"post_tag","embeddable":true,"href":"http:\/\/annalubinski.com\/blog\/wp-json\/wp\/v2\/tags?post=1010"}],"curies":[{"name":"wp","href":"https:\/\/api.w.org\/{rel}","templated":true}]}}