{"id":1306,"date":"2016-02-20T17:26:18","date_gmt":"2016-02-20T16:26:18","guid":{"rendered":"http:\/\/annalubinski.com\/blog\/?p=1306"},"modified":"2019-05-28T10:01:01","modified_gmt":"2019-05-28T08:01:01","slug":"photographies-illustrees-amour","status":"publish","type":"post","link":"http:\/\/annalubinski.com\/blog\/photographies-illustrees-amour\/","title":{"rendered":"Photographies illustr\u00e9es avec de l&rsquo;amour dedans."},"content":{"rendered":"<h2>Mes derni\u00e8res photographies illustr\u00e9es:<br \/>\n<em>My last illustrated pictures:<\/em><\/h2>\n<p><a href=\"https:\/\/annalubinski.com\/blog\/portfolio-illustration\/photos-illustreesillustrated-pictures\/\" target=\"_blank\" rel=\"noopener noreferrer\"><img decoding=\"async\" loading=\"lazy\" class=\"aligncenter\" src=\"http:\/\/www.annalubinski.com\/images\/illustration\/photosillustrees\/anna-lubinski-photo-illustree-pinceaux-light.png\" alt=\"\" width=\"465\" height=\"450\" \/><\/a><a href=\"http:\/\/www.annalubinski.com\/photosillustrees\" target=\"_blank\" rel=\"noopener noreferrer\"><br \/>\n<\/a><a href=\"https:\/\/annalubinski.com\/blog\/portfolio-illustration\/photos-illustreesillustrated-pictures\/\" target=\"_blank\" rel=\"noopener noreferrer\"><img decoding=\"async\" loading=\"lazy\" class=\"aligncenter\" src=\"http:\/\/www.annalubinski.com\/images\/illustration\/photosillustrees\/anna-lubinski-photo-illustree-chocolats-valentin-light.png\" alt=\"\" width=\"465\" height=\"450\" \/><\/a>Bonjour \u00e0 toutes et \u00e0 tous!<\/p>\n<p>J\u2019esp\u00e8re que vous allez tous bien. Le weekend dernier j&rsquo;ai r\u00e9alis\u00e9 deux photographies illustr\u00e9es. La premi\u00e8re m&rsquo;a \u00e9t\u00e9 inspir\u00e9e par le d\u00e9fi de 29 jours de photographies par Flow Magazine et la deuxi\u00e8me par les chocolats que ma s\u0153ur m&rsquo;a offerts pour la Saint Valentin. <a href=\"https:\/\/annalubinski.com\/blog\/portfolio-illustration\/photos-illustreesillustrated-pictures\/\">Retrouvez ma s\u00e9rie de photographies illustr\u00e9es sur la partie d\u00e9die de mon portfolio.<\/a><br \/>\n<em><br \/>\nHello!<\/em><\/p>\n<p><em>I hope you are all well. Last weekend I did two illustrated pictures. The first was inspired by the challenge of 29 days of photographs by Flow Magazine and the second by the chocolates that my sister offered for Valentine&rsquo;s Day. <a href=\"https:\/\/annalubinski.com\/blog\/portfolio-illustration\/photos-illustreesillustrated-pictures\/\" target=\"_blank\" rel=\"noopener noreferrer\">See my series of illustrated pictures on my website.<\/a><\/em><\/p>\n<p><a href=\"http:\/\/butterbeready.com\/\" target=\"_blank\" rel=\"noopener noreferrer\"><img decoding=\"async\" loading=\"lazy\" class=\"aligncenter size-full wp-image-1308\" src=\"http:\/\/annalubinski.com\/blog\/wp-content\/uploads\/2016\/02\/anna-lubinski-illustration-butter-be-ready.jpg\" alt=\"anna-lubinski-illustration-butter-be-ready\" width=\"550\" height=\"516\" srcset=\"http:\/\/annalubinski.com\/blog\/wp-content\/uploads\/2016\/02\/anna-lubinski-illustration-butter-be-ready.jpg 550w, http:\/\/annalubinski.com\/blog\/wp-content\/uploads\/2016\/02\/anna-lubinski-illustration-butter-be-ready-300x281.jpg 300w\" sizes=\"(max-width: 550px) 94vw, 550px\" \/><\/a><br \/>\nIl y a quelques temps, j&rsquo;ai dessin\u00e9 un personnage pour Quin qui a lanc\u00e9 son blog de cuisine. Si vous \u00eates anglophone, je vous conseille de la suivre mais seulement si vous n&rsquo;avez pas peur d&rsquo;avoir faim!<\/p>\n<p><em>There are a few times, I drew a character for Quin who launched her cooking blog. I advise you to follow but only if you&rsquo;re not afraid to be hungry <\/em><\/p>\n<p>Retrouvez-moi sur les r\u00e9seaux sociaux! Facebook, Twitter, et Instagram.<br \/>\nPassez un bon weekend!<\/p>\n<p><em>Find me on social networks! Facebook, Twitter, Hellocoton and Instagram.<\/em><br \/>\n<em>Have a nice weekend!<\/em><\/p>\n<p><span style=\"border-radius: 2px; text-indent: 20px; width: auto; padding: 0px 4px 0px 0px; text-align: center; font: bold 11px\/20px 'Helvetica Neue',Helvetica,sans-serif; color: #ffffff; background: #bd081c no-repeat scroll 3px 50% \/ 14px 14px; position: absolute; opacity: 1; z-index: 8675309; display: none; cursor: pointer; top: 105px; left: 108px;\">Enregistrer<\/span><\/p>\n<p><span style=\"border-radius: 2px; text-indent: 20px; width: auto; padding: 0px 4px 0px 0px; text-align: center; font: bold 11px\/20px 'Helvetica Neue',Helvetica,sans-serif; color: #ffffff; background: #bd081c  no-repeat scroll 3px 50% \/ 14px 14px; position: absolute; opacity: 1; z-index: 8675309; display: none; cursor: pointer; top: 1657px; left: 158px;\">Enregistrer<\/span><\/p>\n","protected":false},"excerpt":{"rendered":"<p>Mes derni\u00e8res photographies illustr\u00e9es: My last illustrated pictures: Bonjour \u00e0 toutes et \u00e0 tous! J\u2019esp\u00e8re que vous allez [&hellip;]<\/p>\n","protected":false},"author":1,"featured_media":2071,"comment_status":"open","ping_status":"open","sticky":false,"template":"","format":"standard","meta":[],"categories":[24,1,31],"tags":[],"_links":{"self":[{"href":"http:\/\/annalubinski.com\/blog\/wp-json\/wp\/v2\/posts\/1306"}],"collection":[{"href":"http:\/\/annalubinski.com\/blog\/wp-json\/wp\/v2\/posts"}],"about":[{"href":"http:\/\/annalubinski.com\/blog\/wp-json\/wp\/v2\/types\/post"}],"author":[{"embeddable":true,"href":"http:\/\/annalubinski.com\/blog\/wp-json\/wp\/v2\/users\/1"}],"replies":[{"embeddable":true,"href":"http:\/\/annalubinski.com\/blog\/wp-json\/wp\/v2\/comments?post=1306"}],"version-history":[{"count":16,"href":"http:\/\/annalubinski.com\/blog\/wp-json\/wp\/v2\/posts\/1306\/revisions"}],"predecessor-version":[{"id":2590,"href":"http:\/\/annalubinski.com\/blog\/wp-json\/wp\/v2\/posts\/1306\/revisions\/2590"}],"wp:featuredmedia":[{"embeddable":true,"href":"http:\/\/annalubinski.com\/blog\/wp-json\/wp\/v2\/media\/2071"}],"wp:attachment":[{"href":"http:\/\/annalubinski.com\/blog\/wp-json\/wp\/v2\/media?parent=1306"}],"wp:term":[{"taxonomy":"category","embeddable":true,"href":"http:\/\/annalubinski.com\/blog\/wp-json\/wp\/v2\/categories?post=1306"},{"taxonomy":"post_tag","embeddable":true,"href":"http:\/\/annalubinski.com\/blog\/wp-json\/wp\/v2\/tags?post=1306"}],"curies":[{"name":"wp","href":"https:\/\/api.w.org\/{rel}","templated":true}]}}