{"id":1493,"date":"2016-07-26T17:10:24","date_gmt":"2016-07-26T15:10:24","guid":{"rendered":"http:\/\/annalubinski.com\/blog\/?p=1493"},"modified":"2019-05-28T09:46:31","modified_gmt":"2019-05-28T07:46:31","slug":"portraits-parisiens-4","status":"publish","type":"post","link":"http:\/\/annalubinski.com\/blog\/portraits-parisiens-4\/","title":{"rendered":"Portraits Parisiens #4"},"content":{"rendered":"<h2>Extrait d&rsquo;un mois de Portraits Parisiens:<br \/>\n<em>Extract of a month of parisian portraits:<\/em><\/h2>\n<div id='gallery-1' class='gallery galleryid-1493 gallery-columns-3 gallery-size-thumbnail'><figure class='gallery-item'>\n\t\t\t<div class='gallery-icon landscape'>\n\t\t\t\t<a href='http:\/\/annalubinski.com\/blog\/portraits-parisiens-4\/anna-lubinski-instagram-30-06-2016\/'><img width=\"150\" height=\"150\" src=\"http:\/\/annalubinski.com\/blog\/wp-content\/uploads\/2016\/07\/anna-lubinski-instagram-30-06-2016-150x150.jpg\" class=\"attachment-thumbnail size-thumbnail\" alt=\"\" decoding=\"async\" loading=\"lazy\" srcset=\"http:\/\/annalubinski.com\/blog\/wp-content\/uploads\/2016\/07\/anna-lubinski-instagram-30-06-2016-150x150.jpg 150w, http:\/\/annalubinski.com\/blog\/wp-content\/uploads\/2016\/07\/anna-lubinski-instagram-30-06-2016-144x144.jpg 144w, http:\/\/annalubinski.com\/blog\/wp-content\/uploads\/2016\/07\/anna-lubinski-instagram-30-06-2016.jpg 180w\" sizes=\"(max-width: 739px) 94vw, (max-width: 969px) 88vw, (max-width: 1199px) 860px, 850px\" \/><\/a>\n\t\t\t<\/div><\/figure><figure class='gallery-item'>\n\t\t\t<div class='gallery-icon landscape'>\n\t\t\t\t<a href='http:\/\/annalubinski.com\/blog\/portraits-parisiens-4\/anna-lubinski-instagram-24-06-2016\/'><img width=\"150\" height=\"150\" src=\"http:\/\/annalubinski.com\/blog\/wp-content\/uploads\/2016\/07\/anna-lubinski-instagram-24-06-2016-150x150.jpg\" class=\"attachment-thumbnail size-thumbnail\" alt=\"\" decoding=\"async\" loading=\"lazy\" srcset=\"http:\/\/annalubinski.com\/blog\/wp-content\/uploads\/2016\/07\/anna-lubinski-instagram-24-06-2016-150x150.jpg 150w, http:\/\/annalubinski.com\/blog\/wp-content\/uploads\/2016\/07\/anna-lubinski-instagram-24-06-2016-144x144.jpg 144w, http:\/\/annalubinski.com\/blog\/wp-content\/uploads\/2016\/07\/anna-lubinski-instagram-24-06-2016.jpg 180w\" sizes=\"(max-width: 739px) 94vw, (max-width: 969px) 88vw, (max-width: 1199px) 860px, 850px\" \/><\/a>\n\t\t\t<\/div><\/figure><figure class='gallery-item'>\n\t\t\t<div class='gallery-icon landscape'>\n\t\t\t\t<a href='http:\/\/annalubinski.com\/blog\/portraits-parisiens-4\/anna-lubinski-instagram-22-07-2016\/'><img width=\"150\" height=\"150\" src=\"http:\/\/annalubinski.com\/blog\/wp-content\/uploads\/2016\/07\/anna-lubinski-instagram-22-07-2016-150x150.jpg\" class=\"attachment-thumbnail size-thumbnail\" alt=\"\" decoding=\"async\" loading=\"lazy\" srcset=\"http:\/\/annalubinski.com\/blog\/wp-content\/uploads\/2016\/07\/anna-lubinski-instagram-22-07-2016-150x150.jpg 150w, http:\/\/annalubinski.com\/blog\/wp-content\/uploads\/2016\/07\/anna-lubinski-instagram-22-07-2016-144x144.jpg 144w, http:\/\/annalubinski.com\/blog\/wp-content\/uploads\/2016\/07\/anna-lubinski-instagram-22-07-2016.jpg 180w\" sizes=\"(max-width: 739px) 94vw, (max-width: 969px) 88vw, (max-width: 1199px) 860px, 850px\" \/><\/a>\n\t\t\t<\/div><\/figure><figure class='gallery-item'>\n\t\t\t<div class='gallery-icon landscape'>\n\t\t\t\t<a href='http:\/\/annalubinski.com\/blog\/portraits-parisiens-4\/anna-lubinski-instagram-14-07-2016\/'><img width=\"150\" height=\"150\" src=\"http:\/\/annalubinski.com\/blog\/wp-content\/uploads\/2016\/07\/anna-lubinski-instagram-14-07-2016-150x150.jpg\" class=\"attachment-thumbnail size-thumbnail\" alt=\"\" decoding=\"async\" loading=\"lazy\" srcset=\"http:\/\/annalubinski.com\/blog\/wp-content\/uploads\/2016\/07\/anna-lubinski-instagram-14-07-2016-150x150.jpg 150w, http:\/\/annalubinski.com\/blog\/wp-content\/uploads\/2016\/07\/anna-lubinski-instagram-14-07-2016-144x144.jpg 144w, http:\/\/annalubinski.com\/blog\/wp-content\/uploads\/2016\/07\/anna-lubinski-instagram-14-07-2016.jpg 180w\" sizes=\"(max-width: 739px) 94vw, (max-width: 969px) 88vw, (max-width: 1199px) 860px, 850px\" \/><\/a>\n\t\t\t<\/div><\/figure><figure class='gallery-item'>\n\t\t\t<div class='gallery-icon landscape'>\n\t\t\t\t<a href='http:\/\/annalubinski.com\/blog\/portraits-parisiens-4\/anna-lubinski-instagram-13-07-2016\/'><img width=\"150\" height=\"150\" src=\"http:\/\/annalubinski.com\/blog\/wp-content\/uploads\/2016\/07\/anna-lubinski-instagram-13-07-2016-150x150.jpg\" class=\"attachment-thumbnail size-thumbnail\" alt=\"\" decoding=\"async\" loading=\"lazy\" srcset=\"http:\/\/annalubinski.com\/blog\/wp-content\/uploads\/2016\/07\/anna-lubinski-instagram-13-07-2016-150x150.jpg 150w, http:\/\/annalubinski.com\/blog\/wp-content\/uploads\/2016\/07\/anna-lubinski-instagram-13-07-2016-144x144.jpg 144w, http:\/\/annalubinski.com\/blog\/wp-content\/uploads\/2016\/07\/anna-lubinski-instagram-13-07-2016.jpg 180w\" sizes=\"(max-width: 739px) 94vw, (max-width: 969px) 88vw, (max-width: 1199px) 860px, 850px\" \/><\/a>\n\t\t\t<\/div><\/figure><figure class='gallery-item'>\n\t\t\t<div class='gallery-icon landscape'>\n\t\t\t\t<a href='http:\/\/annalubinski.com\/blog\/portraits-parisiens-4\/anna-lubinski-instagram-08-07-2016\/'><img width=\"150\" height=\"150\" src=\"http:\/\/annalubinski.com\/blog\/wp-content\/uploads\/2016\/07\/anna-lubinski-instagram-08-07-2016-150x150.jpg\" class=\"attachment-thumbnail size-thumbnail\" alt=\"\" decoding=\"async\" loading=\"lazy\" srcset=\"http:\/\/annalubinski.com\/blog\/wp-content\/uploads\/2016\/07\/anna-lubinski-instagram-08-07-2016-150x150.jpg 150w, http:\/\/annalubinski.com\/blog\/wp-content\/uploads\/2016\/07\/anna-lubinski-instagram-08-07-2016-144x144.jpg 144w, http:\/\/annalubinski.com\/blog\/wp-content\/uploads\/2016\/07\/anna-lubinski-instagram-08-07-2016.jpg 180w\" sizes=\"(max-width: 739px) 94vw, (max-width: 969px) 88vw, (max-width: 1199px) 860px, 850px\" \/><\/a>\n\t\t\t<\/div><\/figure>\n\t\t<\/div>\n\n<p><span style=\"border-radius: 2px; text-indent: 20px; width: auto; padding: 0px 4px 0px 0px; text-align: center; font: bold 11px\/20px 'Helvetica Neue',Helvetica,sans-serif; color: #ffffff; background: #bd081c no-repeat scroll 3px 50% \/ 14px 14px; position: absolute; opacity: 1; z-index: 8675309; display: none; cursor: pointer;\">Enregistrer<\/span><\/p>\n<p><span style=\"border-radius: 2px; text-indent: 20px; width: auto; padding: 0px 4px 0px 0px; text-align: center; font: bold 11px\/20px 'Helvetica Neue',Helvetica,sans-serif; color: #ffffff; background: #bd081c no-repeat scroll 3px 50% \/ 14px 14px; position: absolute; opacity: 1; z-index: 8675309; display: none; cursor: pointer;\">Enregistrer<\/span><\/p>\n<p>Bonjour \u00e0 toutes et \u00e0 tous!<\/p>\n<p>J\u2019esp\u00e8re que vous allez tous bien. Je suis de retour avec un nouveau mois de portraits parisiens. J&rsquo;aime beaucoup r\u00e9aliser ces illustrations, \u00e7a me permet de partager un peu de mon quotidien avec vous. Si vous souhaitez en voir plus, je les poste tr\u00e8s r\u00e9guli\u00e8rement sur mon compte Instagram.<\/p>\n<p>J\u2019ai \u00e9galement pris le temps de r\u00e9aliser une vid\u00e9o sur <a href=\"https:\/\/www.youtube.com\/user\/annalubinski\/videos\" target=\"_blank\" rel=\"noopener noreferrer\">ma cha\u00eene Youtube<\/a>, dans laquelle je feuillette mon carnet de portraits, comme \u00e7a vous pouvez d\u00e9couvrir l\u2019int\u00e9gralit\u00e9 des portraits que j\u2019ai r\u00e9alis\u00e9s en un mois:<\/p>\n<p><em>Hello!<\/em><\/p>\n<p><em>I hope you are all well.I\u2019m back with a new month of my parisian portraits that I post on my Instagram account.<\/em><\/p>\n<p><em>I also took the time to make a video on <a href=\"https:\/\/www.youtube.com\/user\/annalubinski\/videos\" target=\"_blank\" rel=\"noopener noreferrer\">my Youtube channel<\/a>, in which I flip through my sketchbook with Parisian portraits, so you can discover all the portraits I made in a month:<\/em><\/p>\n<p><iframe loading=\"lazy\" src=\"https:\/\/www.youtube.com\/embed\/MZRaYu3U1Ho?rel=0\" width=\"500\" height=\"281\" frameborder=\"0\" allowfullscreen=\"allowfullscreen\"><\/iframe><\/p>\n<p>Retrouvez les <a href=\"https:\/\/annalubinski.com\/blog\/portraits-parisiens-1\/\" target=\"_blank\" rel=\"noopener noreferrer\">Portraits Parisiens #1<\/a> , les <a href=\"https:\/\/annalubinski.com\/blog\/portraits-parisiens-fille-au-chat-roux\/\" target=\"_blank\" rel=\"noopener noreferrer\">Portraits Parisiens #2<\/a> et les <a href=\"https:\/\/annalubinski.com\/blog\/portraits-parisiens-3\/\" target=\"_blank\" rel=\"noopener noreferrer\">Portraits Parisiens #3 <\/a>sur mon blog.<\/p>\n<p>Pour avoir de mes nouvelles, retrouvez-moi sur votre r\u00e9seau social pr\u00e9f\u00e9r\u00e9, le mien est sans aucun doute Instagram, mais je suis aussi sur Twitter et Facebook.<\/p>\n<p><em>Check out the <a href=\"https:\/\/annalubinski.com\/blog\/portraits-parisiens-1\/\" target=\"_blank\" rel=\"noopener noreferrer\">parisian portraits #1<\/a> , the <a href=\"https:\/\/annalubinski.com\/blog\/portraits-parisiens-fille-au-chat-roux\/\" target=\"_blank\" rel=\"noopener noreferrer\">parisian portraits #2<\/a> and the <a href=\"https:\/\/annalubinski.com\/blog\/portraits-parisiens-3\/\" target=\"_blank\" rel=\"noopener noreferrer\">parisian portraits #3<\/a> on my blog.<\/em><\/p>\n<p><em>To have some news from me, you can find me on your favorite social network, mine is undoubtedly Instagram, but I\u2019m also on Twitter and Facebook.<\/em><\/p>\n<p><span style=\"border-radius: 2px; text-indent: 20px; width: auto; padding: 0px 4px 0px 0px; text-align: center; font: bold 11px\/20px 'Helvetica Neue',Helvetica,sans-serif; color: #ffffff; background: #bd081c no-repeat scroll 3px 50% \/ 14px 14px; position: absolute; opacity: 1; z-index: 8675309; display: none; cursor: pointer;\">Enregistrer<\/span><\/p>\n<p><span style=\"border-radius: 2px; text-indent: 20px; width: auto; padding: 0px 4px 0px 0px; text-align: center; font: bold 11px\/20px 'Helvetica Neue',Helvetica,sans-serif; color: #ffffff; background: #bd081c no-repeat scroll 3px 50% \/ 14px 14px; position: absolute; opacity: 1; z-index: 8675309; display: none; cursor: pointer;\">Enregistrer<\/span><\/p>\n<p><span style=\"border-radius: 2px; text-indent: 20px; width: auto; padding: 0px 4px 0px 0px; text-align: center; font: bold 11px\/20px 'Helvetica Neue',Helvetica,sans-serif; color: #ffffff; background: #bd081c no-repeat scroll 3px 50% \/ 14px 14px; position: absolute; opacity: 1; z-index: 8675309; display: none; cursor: pointer;\">Enregistrer<\/span><\/p>\n<p><span style=\"border-radius: 2px; text-indent: 20px; width: auto; padding: 0px 4px 0px 0px; text-align: center; font: bold 11px\/20px 'Helvetica Neue',Helvetica,sans-serif; color: #ffffff; background: #bd081c no-repeat scroll 3px 50% \/ 14px 14px; position: absolute; opacity: 1; z-index: 8675309; display: none; cursor: pointer;\">Enregistrer<\/span><\/p>\n<p><span style=\"border-radius: 2px; text-indent: 20px; width: auto; padding: 0px 4px 0px 0px; text-align: center; font: bold 11px\/20px 'Helvetica Neue',Helvetica,sans-serif; color: #ffffff; background: #bd081c no-repeat scroll 3px 50% \/ 14px 14px; position: absolute; opacity: 1; z-index: 8675309; display: none; cursor: pointer;\">Enregistrer<\/span><\/p>\n<p><span style=\"border-radius: 2px; text-indent: 20px; width: auto; padding: 0px 4px 0px 0px; text-align: center; font: bold 11px\/20px 'Helvetica Neue',Helvetica,sans-serif; color: #ffffff; background: #bd081c  no-repeat scroll 3px 50% \/ 14px 14px; position: absolute; opacity: 1; z-index: 8675309; display: none; cursor: pointer;\">Enregistrer<\/span><\/p>\n","protected":false},"excerpt":{"rendered":"<p>Extrait d&rsquo;un mois de Portraits Parisiens: Extract of a month of parisian portraits: Enregistrer Enregistrer Bonjour \u00e0 toutes [&hellip;]<\/p>\n","protected":false},"author":1,"featured_media":2044,"comment_status":"open","ping_status":"open","sticky":false,"template":"","format":"standard","meta":[],"categories":[33,21],"tags":[],"_links":{"self":[{"href":"http:\/\/annalubinski.com\/blog\/wp-json\/wp\/v2\/posts\/1493"}],"collection":[{"href":"http:\/\/annalubinski.com\/blog\/wp-json\/wp\/v2\/posts"}],"about":[{"href":"http:\/\/annalubinski.com\/blog\/wp-json\/wp\/v2\/types\/post"}],"author":[{"embeddable":true,"href":"http:\/\/annalubinski.com\/blog\/wp-json\/wp\/v2\/users\/1"}],"replies":[{"embeddable":true,"href":"http:\/\/annalubinski.com\/blog\/wp-json\/wp\/v2\/comments?post=1493"}],"version-history":[{"count":10,"href":"http:\/\/annalubinski.com\/blog\/wp-json\/wp\/v2\/posts\/1493\/revisions"}],"predecessor-version":[{"id":2576,"href":"http:\/\/annalubinski.com\/blog\/wp-json\/wp\/v2\/posts\/1493\/revisions\/2576"}],"wp:featuredmedia":[{"embeddable":true,"href":"http:\/\/annalubinski.com\/blog\/wp-json\/wp\/v2\/media\/2044"}],"wp:attachment":[{"href":"http:\/\/annalubinski.com\/blog\/wp-json\/wp\/v2\/media?parent=1493"}],"wp:term":[{"taxonomy":"category","embeddable":true,"href":"http:\/\/annalubinski.com\/blog\/wp-json\/wp\/v2\/categories?post=1493"},{"taxonomy":"post_tag","embeddable":true,"href":"http:\/\/annalubinski.com\/blog\/wp-json\/wp\/v2\/tags?post=1493"}],"curies":[{"name":"wp","href":"https:\/\/api.w.org\/{rel}","templated":true}]}}