{"id":2667,"date":"2019-09-03T09:44:52","date_gmt":"2019-09-03T07:44:52","guid":{"rendered":"http:\/\/annalubinski.com\/blog\/?p=2667"},"modified":"2019-09-03T09:44:52","modified_gmt":"2019-09-03T07:44:52","slug":"podcast-apprendre-le-dessin","status":"publish","type":"post","link":"http:\/\/annalubinski.com\/blog\/podcast-apprendre-le-dessin\/","title":{"rendered":"Podcast Apprendre le dessin"},"content":{"rendered":"\n<p> Bonjour \u00e0 toutes et \u00e0 tous,<br><br>En d\u00e9but d&rsquo;ann\u00e9e nous avons enregistr\u00e9 un \u00e9pisode d&rsquo; Apprendre le dessin, un podcast de mon ami <a rel=\"noreferrer noopener\" aria-label=\"Yoann Bomal (s\u2019ouvre dans un nouvel onglet)\" href=\"https:\/\/www.instagram.com\/yoann.bomal\/\" target=\"_blank\">Yoann Bomal<\/a>.<br><br>Yoann et moi, nous nous sommes rencontr\u00e9s il y a environ dix ans, lorsque nous pr\u00e9parions le concours d&rsquo;entr\u00e9e en cin\u00e9ma d&rsquo;animation aux Gobelins. Nous avons fait beaucoup de croquis ensemble.<br><br>Dans le podcast je vous parle de mon parcours, de trouver son style, de la copie et de job alimentaire. Petit bonus, si vous laissez un commentaire sous sa vid\u00e9o, vous pourrez gagner un dessin original r\u00e9alis\u00e9 par mes soins.<br><br>J&rsquo;esp\u00e8re que vous trouverez \u00e7a int\u00e9ressant! Si vous avez d&rsquo;autres questions, laissez les moi dans la section commentaires!<br><br>Belle rentr\u00e9e!<br><br><\/p>\n\n\n<p><iframe loading=\"lazy\" src=\"https:\/\/www.youtube.com\/embed\/7KK64hRRFss\" width=\"560\" height=\"315\" frameborder=\"0\" allowfullscreen=\"allowfullscreen\"><\/iframe><\/p>\n\n","protected":false},"excerpt":{"rendered":"<p>Bonjour \u00e0 toutes et \u00e0 tous, En d\u00e9but d&rsquo;ann\u00e9e nous avons enregistr\u00e9 un \u00e9pisode d&rsquo; Apprendre le dessin, [&hellip;]<\/p>\n","protected":false},"author":1,"featured_media":2671,"comment_status":"open","ping_status":"open","sticky":false,"template":"","format":"standard","meta":[],"categories":[36,1,21],"tags":[],"_links":{"self":[{"href":"http:\/\/annalubinski.com\/blog\/wp-json\/wp\/v2\/posts\/2667"}],"collection":[{"href":"http:\/\/annalubinski.com\/blog\/wp-json\/wp\/v2\/posts"}],"about":[{"href":"http:\/\/annalubinski.com\/blog\/wp-json\/wp\/v2\/types\/post"}],"author":[{"embeddable":true,"href":"http:\/\/annalubinski.com\/blog\/wp-json\/wp\/v2\/users\/1"}],"replies":[{"embeddable":true,"href":"http:\/\/annalubinski.com\/blog\/wp-json\/wp\/v2\/comments?post=2667"}],"version-history":[{"count":2,"href":"http:\/\/annalubinski.com\/blog\/wp-json\/wp\/v2\/posts\/2667\/revisions"}],"predecessor-version":[{"id":2672,"href":"http:\/\/annalubinski.com\/blog\/wp-json\/wp\/v2\/posts\/2667\/revisions\/2672"}],"wp:featuredmedia":[{"embeddable":true,"href":"http:\/\/annalubinski.com\/blog\/wp-json\/wp\/v2\/media\/2671"}],"wp:attachment":[{"href":"http:\/\/annalubinski.com\/blog\/wp-json\/wp\/v2\/media?parent=2667"}],"wp:term":[{"taxonomy":"category","embeddable":true,"href":"http:\/\/annalubinski.com\/blog\/wp-json\/wp\/v2\/categories?post=2667"},{"taxonomy":"post_tag","embeddable":true,"href":"http:\/\/annalubinski.com\/blog\/wp-json\/wp\/v2\/tags?post=2667"}],"curies":[{"name":"wp","href":"https:\/\/api.w.org\/{rel}","templated":true}]}}