{"id":2876,"date":"2021-09-19T20:22:12","date_gmt":"2021-09-19T18:22:12","guid":{"rendered":"https:\/\/annalubinski.com\/blog\/?p=2876"},"modified":"2021-09-20T13:25:04","modified_gmt":"2021-09-20T11:25:04","slug":"fruits-et-legumes-40-recettes-pour-les-aimer-toute-l-annee","status":"publish","type":"post","link":"http:\/\/annalubinski.com\/blog\/fruits-et-legumes-40-recettes-pour-les-aimer-toute-l-annee\/","title":{"rendered":"Fruits et l\u00e9gumes &#8211; 40 recettes pour les aimer toute l&rsquo;ann\u00e9e"},"content":{"rendered":"\n<p>Il m&rsquo;est arriv\u00e9 de discuter du temps de l&rsquo;\u00e9dition avec des proches. Celui-ci peut \u00eatre \u00e9tonnamment long pour ceux qui ne le pratiquent pas. Pour que vous ayez une petite id\u00e9e, je vais vous raconter le d\u00e9roul\u00e9 de ce joli projet.<\/p>\n\n\n\n<p>En d\u00e9cembre 2019, j&rsquo;ai eu le plaisir de rencontrer les \u00e9ditions Gl\u00e9nat avec qui j&rsquo;ai \u00e9chang\u00e9 \u00e0 propos de mon portfolio lors des rendez-vous tremplin du SLPJ de Montreuil. Fin 2020, un \u00e9ditrice de chez Gl\u00e9nat qui avait vu <a href=\"http:\/\/annalubinski.com\/blog\/pains-a-burger-sans-oeuf-sans-lait-recette\/\" target=\"_blank\" rel=\"noreferrer noopener\">ma recette de pains \u00e0 burger<\/a> \u00e9tape par \u00e9tape m&rsquo;a contact\u00e9e. Elle me proposait de travailler sur un livre mettant \u00e0 l&rsquo;honneur les fruits et les l\u00e9gumes aupr\u00e8s des enfants, \u00e9crit par Evelyne Debourg, la cantini\u00e8re \u00e9toil\u00e9e.<\/p>\n\n\n\n<p>Il m&rsquo;aura fallu 4 mois pour r\u00e9aliser toutes les illustrations de cet adorable livre de recettes pour enfants. A raison de 6 \u00e9tapes maximum pour illustrer pas moins de 40 recettes, sans oublier tous les personnages qui sont l\u00e0 pour amuser le petit lecteur et son parent. Crayonner, encrer, coloriser, modifier et corriger sont toutes les \u00e9tapes de l&rsquo;illustration d&rsquo;un ouvrage.<\/p>\n\n\n\n<figure class=\"wp-block-image size-full\"><a href=\"https:\/\/annalubinski.com\/blog\/wp-content\/uploads\/2021\/09\/anna-lubinski-fruits-et-legumes-editions-glenat-evelyne-debourg-color-900x600-1.jpg\"><img decoding=\"async\" loading=\"lazy\" width=\"900\" height=\"600\" src=\"https:\/\/annalubinski.com\/blog\/wp-content\/uploads\/2021\/09\/anna-lubinski-fruits-et-legumes-editions-glenat-evelyne-debourg-color-900x600-1.jpg\" alt=\"\" class=\"wp-image-2879\" srcset=\"http:\/\/annalubinski.com\/blog\/wp-content\/uploads\/2021\/09\/anna-lubinski-fruits-et-legumes-editions-glenat-evelyne-debourg-color-900x600-1.jpg 900w, http:\/\/annalubinski.com\/blog\/wp-content\/uploads\/2021\/09\/anna-lubinski-fruits-et-legumes-editions-glenat-evelyne-debourg-color-900x600-1-300x200.jpg 300w, http:\/\/annalubinski.com\/blog\/wp-content\/uploads\/2021\/09\/anna-lubinski-fruits-et-legumes-editions-glenat-evelyne-debourg-color-900x600-1-768x512.jpg 768w, http:\/\/annalubinski.com\/blog\/wp-content\/uploads\/2021\/09\/anna-lubinski-fruits-et-legumes-editions-glenat-evelyne-debourg-color-900x600-1-450x300.jpg 450w, http:\/\/annalubinski.com\/blog\/wp-content\/uploads\/2021\/09\/anna-lubinski-fruits-et-legumes-editions-glenat-evelyne-debourg-color-900x600-1-850x567.jpg 850w, http:\/\/annalubinski.com\/blog\/wp-content\/uploads\/2021\/09\/anna-lubinski-fruits-et-legumes-editions-glenat-evelyne-debourg-color-900x600-1-750x500.jpg 750w\" sizes=\"(max-width: 739px) 94vw, (max-width: 969px) 88vw, (max-width: 1199px) 860px, 850px\" \/><\/a><\/figure>\n\n\n\n<p>Nous sommes aujourd&rsquo;hui en septembre 2021, j&rsquo;ai enfin le livre entre les mains et je vous laisse d\u00e9couvrir son contenu:<\/p>\n\n\n\n<figure class=\"wp-block-image size-full\"><a href=\"https:\/\/annalubinski.com\/blog\/wp-content\/uploads\/2021\/09\/anna-lubinski-fruits-et-legumes-editions-glenat-evelyne-debourg-recettes-d-automne.jpg\"><img decoding=\"async\" loading=\"lazy\" width=\"900\" height=\"900\" src=\"https:\/\/annalubinski.com\/blog\/wp-content\/uploads\/2021\/09\/anna-lubinski-fruits-et-legumes-editions-glenat-evelyne-debourg-recettes-d-automne.jpg\" alt=\"\" class=\"wp-image-2880\" srcset=\"http:\/\/annalubinski.com\/blog\/wp-content\/uploads\/2021\/09\/anna-lubinski-fruits-et-legumes-editions-glenat-evelyne-debourg-recettes-d-automne.jpg 900w, http:\/\/annalubinski.com\/blog\/wp-content\/uploads\/2021\/09\/anna-lubinski-fruits-et-legumes-editions-glenat-evelyne-debourg-recettes-d-automne-300x300.jpg 300w, http:\/\/annalubinski.com\/blog\/wp-content\/uploads\/2021\/09\/anna-lubinski-fruits-et-legumes-editions-glenat-evelyne-debourg-recettes-d-automne-150x150.jpg 150w, http:\/\/annalubinski.com\/blog\/wp-content\/uploads\/2021\/09\/anna-lubinski-fruits-et-legumes-editions-glenat-evelyne-debourg-recettes-d-automne-768x768.jpg 768w, http:\/\/annalubinski.com\/blog\/wp-content\/uploads\/2021\/09\/anna-lubinski-fruits-et-legumes-editions-glenat-evelyne-debourg-recettes-d-automne-144x144.jpg 144w, http:\/\/annalubinski.com\/blog\/wp-content\/uploads\/2021\/09\/anna-lubinski-fruits-et-legumes-editions-glenat-evelyne-debourg-recettes-d-automne-450x450.jpg 450w, http:\/\/annalubinski.com\/blog\/wp-content\/uploads\/2021\/09\/anna-lubinski-fruits-et-legumes-editions-glenat-evelyne-debourg-recettes-d-automne-850x850.jpg 850w, http:\/\/annalubinski.com\/blog\/wp-content\/uploads\/2021\/09\/anna-lubinski-fruits-et-legumes-editions-glenat-evelyne-debourg-recettes-d-automne-500x500.jpg 500w\" sizes=\"(max-width: 739px) 94vw, (max-width: 969px) 88vw, (max-width: 1199px) 860px, 850px\" \/><\/a><\/figure>\n\n\n\n<p>Le livre est divis\u00e9 en saisons : automne, hiver, printemps et \u00e9t\u00e9. Chaque saison contient 10 recettes sal\u00e9es comme sucr\u00e9es pour varier l&rsquo;alimentation des petits comme des plus grands.<\/p>\n\n\n\n<figure class=\"wp-block-image size-full\"><a href=\"https:\/\/annalubinski.com\/blog\/wp-content\/uploads\/2021\/09\/anna-lubinski-fruits-et-legumes-editions-glenat-evelyne-debourg-recette-tomates-aux-quatre-couleurs.jpg\"><img decoding=\"async\" loading=\"lazy\" width=\"900\" height=\"600\" src=\"https:\/\/annalubinski.com\/blog\/wp-content\/uploads\/2021\/09\/anna-lubinski-fruits-et-legumes-editions-glenat-evelyne-debourg-recette-tomates-aux-quatre-couleurs.jpg\" alt=\"\" class=\"wp-image-2881\" srcset=\"http:\/\/annalubinski.com\/blog\/wp-content\/uploads\/2021\/09\/anna-lubinski-fruits-et-legumes-editions-glenat-evelyne-debourg-recette-tomates-aux-quatre-couleurs.jpg 900w, http:\/\/annalubinski.com\/blog\/wp-content\/uploads\/2021\/09\/anna-lubinski-fruits-et-legumes-editions-glenat-evelyne-debourg-recette-tomates-aux-quatre-couleurs-300x200.jpg 300w, http:\/\/annalubinski.com\/blog\/wp-content\/uploads\/2021\/09\/anna-lubinski-fruits-et-legumes-editions-glenat-evelyne-debourg-recette-tomates-aux-quatre-couleurs-768x512.jpg 768w, http:\/\/annalubinski.com\/blog\/wp-content\/uploads\/2021\/09\/anna-lubinski-fruits-et-legumes-editions-glenat-evelyne-debourg-recette-tomates-aux-quatre-couleurs-450x300.jpg 450w, http:\/\/annalubinski.com\/blog\/wp-content\/uploads\/2021\/09\/anna-lubinski-fruits-et-legumes-editions-glenat-evelyne-debourg-recette-tomates-aux-quatre-couleurs-850x567.jpg 850w, http:\/\/annalubinski.com\/blog\/wp-content\/uploads\/2021\/09\/anna-lubinski-fruits-et-legumes-editions-glenat-evelyne-debourg-recette-tomates-aux-quatre-couleurs-750x500.jpg 750w\" sizes=\"(max-width: 739px) 94vw, (max-width: 969px) 88vw, (max-width: 1199px) 860px, 850px\" \/><\/a><\/figure>\n\n\n\n<p>Sur la page de gauche se trouvent tous les ingr\u00e9dients de la recette, les \u00e9tapes et une note d&rsquo;Evelyne concernant le fruit ou le l\u00e9gume mis en avant. Sur la page de droite, mes dessins illustrent les \u00e9tapes clefs. Elles sont faites pour aider l&rsquo;enfant \u00e0 bien comprendre le d\u00e9roul\u00e9 de la recette, m\u00eame si celui-ci ne sait pas encore lire.<\/p>\n\n\n\n<figure class=\"wp-block-image size-full\"><a href=\"https:\/\/annalubinski.com\/blog\/wp-content\/uploads\/2021\/09\/anna-lubinski-fruits-et-legumes-editions-glenat-evelyne-debourg-recettes-d-hiver.jpg\"><img decoding=\"async\" loading=\"lazy\" width=\"900\" height=\"600\" src=\"https:\/\/annalubinski.com\/blog\/wp-content\/uploads\/2021\/09\/anna-lubinski-fruits-et-legumes-editions-glenat-evelyne-debourg-recettes-d-hiver.jpg\" alt=\"\" class=\"wp-image-2882\" srcset=\"http:\/\/annalubinski.com\/blog\/wp-content\/uploads\/2021\/09\/anna-lubinski-fruits-et-legumes-editions-glenat-evelyne-debourg-recettes-d-hiver.jpg 900w, http:\/\/annalubinski.com\/blog\/wp-content\/uploads\/2021\/09\/anna-lubinski-fruits-et-legumes-editions-glenat-evelyne-debourg-recettes-d-hiver-300x200.jpg 300w, http:\/\/annalubinski.com\/blog\/wp-content\/uploads\/2021\/09\/anna-lubinski-fruits-et-legumes-editions-glenat-evelyne-debourg-recettes-d-hiver-768x512.jpg 768w, http:\/\/annalubinski.com\/blog\/wp-content\/uploads\/2021\/09\/anna-lubinski-fruits-et-legumes-editions-glenat-evelyne-debourg-recettes-d-hiver-450x300.jpg 450w, http:\/\/annalubinski.com\/blog\/wp-content\/uploads\/2021\/09\/anna-lubinski-fruits-et-legumes-editions-glenat-evelyne-debourg-recettes-d-hiver-850x567.jpg 850w, http:\/\/annalubinski.com\/blog\/wp-content\/uploads\/2021\/09\/anna-lubinski-fruits-et-legumes-editions-glenat-evelyne-debourg-recettes-d-hiver-750x500.jpg 750w\" sizes=\"(max-width: 739px) 94vw, (max-width: 969px) 88vw, (max-width: 1199px) 860px, 850px\" \/><\/a><\/figure>\n\n\n\n<p>Le tout est joliment mis en page et les spirales permettent de le mettre \u00e0 plat, un vrai plus pour un livre de recettes!<\/p>\n\n\n\n<figure class=\"wp-block-image size-full\"><a href=\"https:\/\/annalubinski.com\/blog\/wp-content\/uploads\/2021\/09\/anna-lubinski-fruits-et-legumes-editions-glenat-evelyne-debourg-recette-asperge.jpg\"><img decoding=\"async\" loading=\"lazy\" width=\"900\" height=\"600\" src=\"https:\/\/annalubinski.com\/blog\/wp-content\/uploads\/2021\/09\/anna-lubinski-fruits-et-legumes-editions-glenat-evelyne-debourg-recette-asperge.jpg\" alt=\"\" class=\"wp-image-2883\" srcset=\"http:\/\/annalubinski.com\/blog\/wp-content\/uploads\/2021\/09\/anna-lubinski-fruits-et-legumes-editions-glenat-evelyne-debourg-recette-asperge.jpg 900w, http:\/\/annalubinski.com\/blog\/wp-content\/uploads\/2021\/09\/anna-lubinski-fruits-et-legumes-editions-glenat-evelyne-debourg-recette-asperge-300x200.jpg 300w, http:\/\/annalubinski.com\/blog\/wp-content\/uploads\/2021\/09\/anna-lubinski-fruits-et-legumes-editions-glenat-evelyne-debourg-recette-asperge-768x512.jpg 768w, http:\/\/annalubinski.com\/blog\/wp-content\/uploads\/2021\/09\/anna-lubinski-fruits-et-legumes-editions-glenat-evelyne-debourg-recette-asperge-450x300.jpg 450w, http:\/\/annalubinski.com\/blog\/wp-content\/uploads\/2021\/09\/anna-lubinski-fruits-et-legumes-editions-glenat-evelyne-debourg-recette-asperge-850x567.jpg 850w, http:\/\/annalubinski.com\/blog\/wp-content\/uploads\/2021\/09\/anna-lubinski-fruits-et-legumes-editions-glenat-evelyne-debourg-recette-asperge-750x500.jpg 750w\" sizes=\"(max-width: 739px) 94vw, (max-width: 969px) 88vw, (max-width: 1199px) 860px, 850px\" \/><\/a><\/figure>\n\n\n\n<p>Tout comme dans la vraie vie, Evelyne accompagne les enfants dans leur apprentissage alimentaire. Elle fait d\u00e9couvrir aux enfants et parfois m\u00eame red\u00e9couvrir aux parents le plaisir de go\u00fbter \u00e0 tout.<\/p>\n\n\n\n<div class=\"wp-block-image\"><figure class=\"aligncenter size-full\"><a href=\"https:\/\/annalubinski.com\/blog\/wp-content\/uploads\/2021\/09\/anna-lubinski-fruits-et-legumes-editions-glenat-evelyne-debourg-recette-epinards.jpg\"><img decoding=\"async\" loading=\"lazy\" width=\"750\" height=\"500\" src=\"https:\/\/annalubinski.com\/blog\/wp-content\/uploads\/2021\/09\/anna-lubinski-fruits-et-legumes-editions-glenat-evelyne-debourg-recette-epinards.jpg\" alt=\"\" class=\"wp-image-2884\" srcset=\"http:\/\/annalubinski.com\/blog\/wp-content\/uploads\/2021\/09\/anna-lubinski-fruits-et-legumes-editions-glenat-evelyne-debourg-recette-epinards.jpg 750w, http:\/\/annalubinski.com\/blog\/wp-content\/uploads\/2021\/09\/anna-lubinski-fruits-et-legumes-editions-glenat-evelyne-debourg-recette-epinards-300x200.jpg 300w, http:\/\/annalubinski.com\/blog\/wp-content\/uploads\/2021\/09\/anna-lubinski-fruits-et-legumes-editions-glenat-evelyne-debourg-recette-epinards-450x300.jpg 450w\" sizes=\"(max-width: 739px) 94vw, (max-width: 750px) 88vw, 750px\" \/><\/a><\/figure><\/div>\n\n\n\n<p>Ce livre est \u00e9crit par Evelyne Debourg, illustr\u00e9 par moi m\u00eame et publi\u00e9 aux \u00e9ditions Gl\u00e9nat Jeunesse, vous pouvez retrouver <a rel=\"noreferrer noopener\" href=\"https:\/\/www.glenat.com\/coloriages-et-activites\/fruits-et-legumes-9782344048023\" target=\"_blank\">Fruits et L\u00e9gumes &#8211; 40 recettes pour les aimes toute l&rsquo;ann\u00e9e<\/a> chez votre libraire.<\/p>\n\n\n\n<p>Si vous voulez voir plus d&rsquo;illustrations de ce livre, vous pouvez consulter <a rel=\"noreferrer noopener\" href=\"https:\/\/annalubinski.com\/blog\/portfolio-illustration\/fruits-et-legumes-40-recettes-pour-les-aimer-toute-l-annee-evelyne-debourg-editions-glenat\/\" target=\"_blank\">la page d\u00e9di\u00e9e de mon portfolio.<\/a><\/p>\n\n\n\n<p>Et comme d&rsquo;habitude, retrouvez-moi sur le r\u00e9seau social de votre choix pour avoir de mes nouvelles!<\/p>\n\n\n\n<p>Anna<\/p>\n","protected":false},"excerpt":{"rendered":"<p>Il m&rsquo;est arriv\u00e9 de discuter du temps de l&rsquo;\u00e9dition avec des proches. Celui-ci peut \u00eatre \u00e9tonnamment long pour [&hellip;]<\/p>\n","protected":false},"author":1,"featured_media":2878,"comment_status":"open","ping_status":"open","sticky":false,"template":"","format":"standard","meta":[],"categories":[51,35],"tags":[],"_links":{"self":[{"href":"http:\/\/annalubinski.com\/blog\/wp-json\/wp\/v2\/posts\/2876"}],"collection":[{"href":"http:\/\/annalubinski.com\/blog\/wp-json\/wp\/v2\/posts"}],"about":[{"href":"http:\/\/annalubinski.com\/blog\/wp-json\/wp\/v2\/types\/post"}],"author":[{"embeddable":true,"href":"http:\/\/annalubinski.com\/blog\/wp-json\/wp\/v2\/users\/1"}],"replies":[{"embeddable":true,"href":"http:\/\/annalubinski.com\/blog\/wp-json\/wp\/v2\/comments?post=2876"}],"version-history":[{"count":23,"href":"http:\/\/annalubinski.com\/blog\/wp-json\/wp\/v2\/posts\/2876\/revisions"}],"predecessor-version":[{"id":2907,"href":"http:\/\/annalubinski.com\/blog\/wp-json\/wp\/v2\/posts\/2876\/revisions\/2907"}],"wp:featuredmedia":[{"embeddable":true,"href":"http:\/\/annalubinski.com\/blog\/wp-json\/wp\/v2\/media\/2878"}],"wp:attachment":[{"href":"http:\/\/annalubinski.com\/blog\/wp-json\/wp\/v2\/media?parent=2876"}],"wp:term":[{"taxonomy":"category","embeddable":true,"href":"http:\/\/annalubinski.com\/blog\/wp-json\/wp\/v2\/categories?post=2876"},{"taxonomy":"post_tag","embeddable":true,"href":"http:\/\/annalubinski.com\/blog\/wp-json\/wp\/v2\/tags?post=2876"}],"curies":[{"name":"wp","href":"https:\/\/api.w.org\/{rel}","templated":true}]}}