{"id":298,"date":"2012-04-26T20:38:36","date_gmt":"2012-04-26T18:38:36","guid":{"rendered":"http:\/\/annalubinski.com\/blog\/?p=298"},"modified":"2019-05-28T10:43:23","modified_gmt":"2019-05-28T08:43:23","slug":"le-printemps","status":"publish","type":"post","link":"http:\/\/annalubinski.com\/blog\/le-printemps\/","title":{"rendered":"Printemps: mais o\u00f9 est-il pass\u00e9?"},"content":{"rendered":"<p><img decoding=\"async\" loading=\"lazy\" class=\"aligncenter wp-image-299 size-full\" title=\"printemps-hirondelle-couronnes-fleurs\" src=\"http:\/\/annalubinski.com\/blog\/wp-content\/uploads\/2012\/04\/printemps-hirondelle-couronnes-fleurs.jpg\" alt=\"Anna Lubinski - Illustration Printemps hirondelle\" width=\"600\" height=\"644\" srcset=\"http:\/\/annalubinski.com\/blog\/wp-content\/uploads\/2012\/04\/printemps-hirondelle-couronnes-fleurs.jpg 600w, http:\/\/annalubinski.com\/blog\/wp-content\/uploads\/2012\/04\/printemps-hirondelle-couronnes-fleurs-279x300.jpg 279w\" sizes=\"(max-width: 600px) 94vw, 600px\" \/><\/p>\n<p>Bonjour tout le monde!<\/p>\n<p><span data-reactid=\".7.0.1.0.1.0.0.1.0.0.0.0.1.2:1\"><span data-reactid=\".7.0.1.0.1.0.0.1.0.0.0.0.1.2:1.$text0:0:$text0:0\">J\u2019esp\u00e8re que vous allez tous bien. <\/span><\/span>Voici ma participation \u00e0 un concours dont le th\u00e8me est le printemps. J&rsquo;ai d\u00e9cid\u00e9 d&rsquo;illustrer ma s\u0153ur et moi en train d&rsquo;accueillir le Printemps (sous la forme d&rsquo;une hirondelle). Vu le temps qu&rsquo;on a en ce moment, \u00e7a ne fait pas de mal de penser aux beaux jours qui vont bien finir par pointer le bout de leur nez! Mais en attendant, couvrez vous bien!<\/p>\n<p>Retrouvez-moi sur les r\u00e9seaux sociaux! Facebook, Twitter, Hellocoton et Instagram.<\/p>\n<p><span class=\"sCaption\" data-reactid=\".4.0.1.0.1.0.0.1.0.0.0:0.1.2:1\"><span data-reactid=\".4.0.1.0.1.0.0.1.0.0.0:0.1.2:1.$text0:0:$text0:0\">A bient\u00f4t!<\/span><\/span><\/p>\n<p><span style=\"border-radius: 2px; text-indent: 20px; width: auto; padding: 0px 4px 0px 0px; text-align: center; font: bold 11px\/20px 'Helvetica Neue',Helvetica,sans-serif; color: #ffffff; background: #bd081c no-repeat scroll 3px 50% \/ 14px 14px; position: absolute; opacity: 1; z-index: 8675309; display: none; cursor: pointer; top: 44px; left: 133px;\">Enregistrer<\/span><\/p>\n","protected":false},"excerpt":{"rendered":"<p>Bonjour tout le monde! J\u2019esp\u00e8re que vous allez tous bien. Voici ma participation \u00e0 un concours dont le [&hellip;]<\/p>\n","protected":false},"author":1,"featured_media":2309,"comment_status":"open","ping_status":"open","sticky":false,"template":"","format":"standard","meta":[],"categories":[26,27],"tags":[],"_links":{"self":[{"href":"http:\/\/annalubinski.com\/blog\/wp-json\/wp\/v2\/posts\/298"}],"collection":[{"href":"http:\/\/annalubinski.com\/blog\/wp-json\/wp\/v2\/posts"}],"about":[{"href":"http:\/\/annalubinski.com\/blog\/wp-json\/wp\/v2\/types\/post"}],"author":[{"embeddable":true,"href":"http:\/\/annalubinski.com\/blog\/wp-json\/wp\/v2\/users\/1"}],"replies":[{"embeddable":true,"href":"http:\/\/annalubinski.com\/blog\/wp-json\/wp\/v2\/comments?post=298"}],"version-history":[{"count":9,"href":"http:\/\/annalubinski.com\/blog\/wp-json\/wp\/v2\/posts\/298\/revisions"}],"predecessor-version":[{"id":2659,"href":"http:\/\/annalubinski.com\/blog\/wp-json\/wp\/v2\/posts\/298\/revisions\/2659"}],"wp:featuredmedia":[{"embeddable":true,"href":"http:\/\/annalubinski.com\/blog\/wp-json\/wp\/v2\/media\/2309"}],"wp:attachment":[{"href":"http:\/\/annalubinski.com\/blog\/wp-json\/wp\/v2\/media?parent=298"}],"wp:term":[{"taxonomy":"category","embeddable":true,"href":"http:\/\/annalubinski.com\/blog\/wp-json\/wp\/v2\/categories?post=298"},{"taxonomy":"post_tag","embeddable":true,"href":"http:\/\/annalubinski.com\/blog\/wp-json\/wp\/v2\/tags?post=298"}],"curies":[{"name":"wp","href":"https:\/\/api.w.org\/{rel}","templated":true}]}}