{"id":760,"date":"2015-03-24T20:45:46","date_gmt":"2015-03-24T19:45:46","guid":{"rendered":"http:\/\/annalubinski.com\/blog\/?p=760"},"modified":"2019-05-28T10:17:09","modified_gmt":"2019-05-28T08:17:09","slug":"le-printemps-avec-des-fleurs-et-des-hirondelles","status":"publish","type":"post","link":"http:\/\/annalubinski.com\/blog\/le-printemps-avec-des-fleurs-et-des-hirondelles\/","title":{"rendered":"Le Printemps avec des fleurs et des hirondelles."},"content":{"rendered":"<p><img decoding=\"async\" loading=\"lazy\" class=\" aligncenter\" src=\"http:\/\/www.annalubinski.com\/images\/illustration\/calendrier\/anna-lubinski-printemps-spring-tulipes-bouquet-swallow-hirondelle-denim-light.png\" alt=\"\" width=\"413\" height=\"450\" \/><span data-reactid=\".7.0.1.0.1.0.0.1.0.0.0.0.1.2:1\"><span data-reactid=\".7.0.1.0.1.0.0.1.0.0.0.0.1.2:1.$text0:0:$text0:0\">Bonjour \u00e0 toutes et \u00e0 tous!<\/span><\/span><\/p>\n<p><span data-reactid=\".7.0.1.0.1.0.0.1.0.0.0.0.1.2:1\"><span data-reactid=\".7.0.1.0.1.0.0.1.0.0.0.0.1.2:1.$text0:0:$text0:0\">J&rsquo;esp\u00e8re que vous allez tous bien. Malgr\u00e9 le temps un peu maussade, j&rsquo;ai r\u00e9alis\u00e9 une illustration pour c\u00e9l\u00e9brer le Printemps. Peut-\u00eatre que mon bouquet de tulipes, ma couronne de fleurs et cette hirondelle vous donneront le sourire \u00e0 d\u00e9faut de ramener le soleil. <\/span><\/span><\/p>\n<p>Retrouvez-moi sur les r\u00e9seaux sociaux! Facebook, Twitter, Hellocoton et Instagram.<\/p>\n<p><em>Hello to you all!<\/em><\/p>\n<p><em>I hope you are all well. Despite the weather a bit gloomy, I made an illustration to celebrate the Spring. Maybe my bouquet of tulips, my crown of flowers and this swallow, will give you the smile failing to bring back the sun.<br \/>\n<\/em><\/p>\n<p><em>Find me on social networks! Facebook, Twitter, Hellocoton and Instagram.<\/em><\/p>\n<p><span style=\"border-radius: 2px; text-indent: 20px; width: auto; padding: 0px 4px 0px 0px; text-align: center; font: bold 11px\/20px 'Helvetica Neue',Helvetica,sans-serif; color: #ffffff; background: #bd081c  no-repeat scroll 3px 50% \/ 14px 14px; position: absolute; opacity: 1; z-index: 8675309; display: none; cursor: pointer; top: 36px; left: 134px;\">Enregistrer<\/span><\/p>\n","protected":false},"excerpt":{"rendered":"<p>Bonjour \u00e0 toutes et \u00e0 tous! J&rsquo;esp\u00e8re que vous allez tous bien. Malgr\u00e9 le temps un peu maussade, [&hellip;]<\/p>\n","protected":false},"author":1,"featured_media":2121,"comment_status":"open","ping_status":"open","sticky":false,"template":"","format":"standard","meta":[],"categories":[26],"tags":[],"_links":{"self":[{"href":"http:\/\/annalubinski.com\/blog\/wp-json\/wp\/v2\/posts\/760"}],"collection":[{"href":"http:\/\/annalubinski.com\/blog\/wp-json\/wp\/v2\/posts"}],"about":[{"href":"http:\/\/annalubinski.com\/blog\/wp-json\/wp\/v2\/types\/post"}],"author":[{"embeddable":true,"href":"http:\/\/annalubinski.com\/blog\/wp-json\/wp\/v2\/users\/1"}],"replies":[{"embeddable":true,"href":"http:\/\/annalubinski.com\/blog\/wp-json\/wp\/v2\/comments?post=760"}],"version-history":[{"count":4,"href":"http:\/\/annalubinski.com\/blog\/wp-json\/wp\/v2\/posts\/760\/revisions"}],"predecessor-version":[{"id":2611,"href":"http:\/\/annalubinski.com\/blog\/wp-json\/wp\/v2\/posts\/760\/revisions\/2611"}],"wp:featuredmedia":[{"embeddable":true,"href":"http:\/\/annalubinski.com\/blog\/wp-json\/wp\/v2\/media\/2121"}],"wp:attachment":[{"href":"http:\/\/annalubinski.com\/blog\/wp-json\/wp\/v2\/media?parent=760"}],"wp:term":[{"taxonomy":"category","embeddable":true,"href":"http:\/\/annalubinski.com\/blog\/wp-json\/wp\/v2\/categories?post=760"},{"taxonomy":"post_tag","embeddable":true,"href":"http:\/\/annalubinski.com\/blog\/wp-json\/wp\/v2\/tags?post=760"}],"curies":[{"name":"wp","href":"https:\/\/api.w.org\/{rel}","templated":true}]}}