{"id":480,"date":"2013-01-28T10:59:39","date_gmt":"2013-01-28T09:59:39","guid":{"rendered":"http:\/\/annalubinski.com\/blog\/?p=480"},"modified":"2019-05-28T10:40:13","modified_gmt":"2019-05-28T08:40:13","slug":"illustration-bonne-annee","status":"publish","type":"post","link":"https:\/\/annalubinski.com\/blog\/illustration-bonne-annee\/","title":{"rendered":"Illustration de bonne ann\u00e9e"},"content":{"rendered":"<p><img decoding=\"async\" loading=\"lazy\" class=\"aligncenter wp-image-481 size-full\" title=\"anna-lubinski-bonne-annee-2013-illustration\" src=\"http:\/\/annalubinski.com\/blog\/wp-content\/uploads\/2013\/01\/anna-lubinski-bonne-annee-2013-illustration.jpg\" alt=\"Anna Lubinski - Illustration v\u00e9lo ballons imprim\u00e9 vichy\" width=\"600\" height=\"406\" srcset=\"https:\/\/annalubinski.com\/blog\/wp-content\/uploads\/2013\/01\/anna-lubinski-bonne-annee-2013-illustration.jpg 600w, https:\/\/annalubinski.com\/blog\/wp-content\/uploads\/2013\/01\/anna-lubinski-bonne-annee-2013-illustration-300x203.jpg 300w\" sizes=\"(max-width: 600px) 94vw, 600px\" \/><\/p>\n<p>Bonjour tout le monde!<\/p>\n<p><span data-reactid=\".7.0.1.0.1.0.0.1.0.0.0.0.1.2:1\"><span data-reactid=\".7.0.1.0.1.0.0.1.0.0.0.0.1.2:1.$text0:0:$text0:0\">J\u2019esp\u00e8re que vous allez tous bien. <\/span><\/span>Ma s\u0153ur et moi, nous vous souhaitons une tr\u00e8s bonne ann\u00e9e 2013 \u00e0 toutes et \u00e0 tous! Mieux vaut tard que jamais! J&rsquo;esp\u00e8re que mon illustration avec ma soeur et moi \u00e0 v\u00e9lo vous plait!<\/p>\n<p>Retrouvez-moi sur les r\u00e9seaux sociaux! Facebook, Twitter, Hellocoton et Instagram.<\/p>\n<p><span style=\"border-radius: 2px; text-indent: 20px; width: auto; padding: 0px 4px 0px 0px; text-align: center; font: bold 11px\/20px 'Helvetica Neue',Helvetica,sans-serif; color: #ffffff; background: #bd081c  no-repeat scroll 3px 50% \/ 14px 14px; position: absolute; opacity: 1; z-index: 8675309; display: none; cursor: pointer; top: 44px; left: 133px;\">Enregistrer<\/span><\/p>\n","protected":false},"excerpt":{"rendered":"<p>Bonjour tout le monde! J\u2019esp\u00e8re que vous allez tous bien. Ma s\u0153ur et moi, nous vous souhaitons une [&hellip;]<\/p>\n","protected":false},"author":1,"featured_media":2222,"comment_status":"open","ping_status":"open","sticky":false,"template":"","format":"standard","meta":[],"categories":[26,27],"tags":[],"_links":{"self":[{"href":"https:\/\/annalubinski.com\/blog\/wp-json\/wp\/v2\/posts\/480"}],"collection":[{"href":"https:\/\/annalubinski.com\/blog\/wp-json\/wp\/v2\/posts"}],"about":[{"href":"https:\/\/annalubinski.com\/blog\/wp-json\/wp\/v2\/types\/post"}],"author":[{"embeddable":true,"href":"https:\/\/annalubinski.com\/blog\/wp-json\/wp\/v2\/users\/1"}],"replies":[{"embeddable":true,"href":"https:\/\/annalubinski.com\/blog\/wp-json\/wp\/v2\/comments?post=480"}],"version-history":[{"count":8,"href":"https:\/\/annalubinski.com\/blog\/wp-json\/wp\/v2\/posts\/480\/revisions"}],"predecessor-version":[{"id":2651,"href":"https:\/\/annalubinski.com\/blog\/wp-json\/wp\/v2\/posts\/480\/revisions\/2651"}],"wp:featuredmedia":[{"embeddable":true,"href":"https:\/\/annalubinski.com\/blog\/wp-json\/wp\/v2\/media\/2222"}],"wp:attachment":[{"href":"https:\/\/annalubinski.com\/blog\/wp-json\/wp\/v2\/media?parent=480"}],"wp:term":[{"taxonomy":"category","embeddable":true,"href":"https:\/\/annalubinski.com\/blog\/wp-json\/wp\/v2\/categories?post=480"},{"taxonomy":"post_tag","embeddable":true,"href":"https:\/\/annalubinski.com\/blog\/wp-json\/wp\/v2\/tags?post=480"}],"curies":[{"name":"wp","href":"https:\/\/api.w.org\/{rel}","templated":true}]}}